{"id":2687,"date":"2018-07-24T08:23:20","date_gmt":"2018-07-24T06:23:20","guid":{"rendered":"http:\/\/www.the-new-listener.de\/?p=2687"},"modified":"2018-07-27T14:27:34","modified_gmt":"2018-07-27T12:27:34","slug":"aus-italien","status":"publish","type":"post","link":"http:\/\/www.the-new-listener.de\/index.php\/2018\/07\/24\/aus-italien\/","title":{"rendered":"Aus Italien"},"content":{"rendered":"<p style=\"text-align: justify;\"><strong>Sommerserenade \u201eAus Italien\u201c am 21. Juli 2018 um 20 Uhr im Herkulessaal<br \/>\n<\/strong><strong>Symphonieorchester Wilde\u00a0Gungl M\u00fcnchen, <\/strong><strong>Michele Carulli (Leitung), Arnim Rosenbach (Moderation), <\/strong><strong>Susann Kr\u00e1l (Oboe)<\/strong><\/p>\n<pre><img loading=\"lazy\" class=\"alignnone wp-image-2690\" src=\"http:\/\/www.the-new-listener.de\/wp-content\/uploads\/2018\/07\/N0012-300x200.jpg\" alt=\"\" width=\"354\" height=\"236\" srcset=\"http:\/\/www.the-new-listener.de\/wp-content\/uploads\/2018\/07\/N0012-300x200.jpg 300w, http:\/\/www.the-new-listener.de\/wp-content\/uploads\/2018\/07\/N0012-768x512.jpg 768w, http:\/\/www.the-new-listener.de\/wp-content\/uploads\/2018\/07\/N0012.jpg 800w\" sizes=\"(max-width: 354px) 100vw, 354px\" \/>\r\n(Foto von: M. Hallersleben)<\/pre>\n<p style=\"text-align: justify;\">Nichts wurde es mit dem Open-Air-Konzert des Orchesters Wilde\u00a0Gungl: Statt im Brunnenhof fand ihr Konzert im Herkulessaal statt. Aber ob das ein Nachteil war, mag bezweifelt werden, denn es wurde ein besonders memorables Konzert. Nach der wie immer charmanten Moderation des Konzertmeisters Arnim Rosenbach, der die schon seit Jahrhunderten vorhandene Italien-Sehnsucht der Deutschen auch mit einem Goethe-Gedicht belegte, begann Maestro Carulli das Italien-Programm mit der Ouvert\u00fcre zu Rossinis Oper Tancredi. Diese z\u00e4hlt nicht zu seinen bekanntesten Bravourst\u00fccken, gestaltet sich aber ebenso wirkungsvoll in ihrer Melodik und Instrumentierung.<\/p>\n<p style=\"text-align: justify;\">Die Fortsetzung machten zwei Oboen-Konzerte, von denen das erste in d-moll von Alessandro Marcello sogar Bach zu einer Bearbeitung \u201everleitete\u201c. Die meisten d\u00fcrften dieses Werk kennen, aber es live zu h\u00f6ren mit der fabelhaften Solistin Susann Kr\u00e1l \u2013 Oboistin der Bad Reichenhaller Philharmoniker, mit denen die Wilde\u00a0Gungl am Himmelfahrts-Tag im Prinzregententheater ein wunderbares Konzert musizierte \u2013 das ist eben doch der Unterschied zu einer noch so gelungenen CD. Behutsam und aufmerksam begleitet vom Streichorchester und Cembalo, wurde es zum Erlebnis, genauso wie das folgende Konzert in C-Dur von Domenico Cimarosa von 1780, das eine Entdeckung wahrhaft wert ist.<\/p>\n<p style=\"text-align: justify;\">Nach der Pause ert\u00f6nte die n\u00e4chste Ouvert\u00fcre, diesmal aus Vincenco Bellinis Norma, einer hochdramatischen Oper, was die Einleitungsmusik sehr deutlich h\u00f6ren lie\u00df. Der musikalische H\u00f6hepunkt des Programms war dann zum Schluss das \u201eCapriccio Italien\u201c von Peter Tschaikowsky. Maestro Carulli verlangte dem Orchester in diesem St\u00fcck alles ab, allerdings durchaus auch sich selbst. Er dirigierte mit Leib und Seele, bl\u00fchte in der Musik voll auf und nahm alle Mitspielenden mit in die Gefilde dieser italienischen Musik, auch wenn sie von einem russischen Komponisten stammt. Denn nicht nur die Deutschen haben diese Sehnsucht nach Bella\u00a0Italia.<\/p>\n<p style=\"text-align: justify;\">Nach riesigem Beifall gab es als Zugabe das Intermezzo aus der Oper \u201eCavalleria rusticana\u201c von Pietro Mascagni. Und auch da zeigte das Orchester, dass es in den letzten Jahren unter seinem Dirigenten Michele Carulli immer souver\u00e4ner und musikalisch \u00fcberzeugender geworden ist, denn dieses wunderbare Kleinod der Musikgeschichte erwies sich als herzbewegender Abschluss des gelungenen Sommerkonzertes der Wilden\u00a0Gungl.<\/p>\n<p style=\"text-align: justify;\">Hoffentlich kann es unter diesen Umst\u00e4nden nicht mehr allzu lange dauern, bis auch das M\u00fcnchner Feuilleton endlich dieses fabelhafte Orchester und seine Konzerte zur Kenntnis nimmt.<\/p>\n<p style=\"text-align: justify;\"><strong>[Ulrich Hermann, Juli 2018]<\/strong><\/p>\n","protected":false},"excerpt":{"rendered":"<p>Sommerserenade \u201eAus Italien\u201c am 21. Juli 2018 um 20 Uhr im Herkulessaal Symphonieorchester Wilde\u00a0Gungl M\u00fcnchen, Michele Carulli (Leitung), Arnim Rosenbach (Moderation), Susann Kr\u00e1l (Oboe) (Foto von: M. Hallersleben) Nichts wurde es mit dem Open-Air-Konzert des Orchesters Wilde\u00a0Gungl: Statt im Brunnenhof fand ihr Konzert im Herkulessaal statt. Aber ob das ein Nachteil war, mag bezweifelt werden, &hellip; <a href=\"http:\/\/www.the-new-listener.de\/index.php\/2018\/07\/24\/aus-italien\/\" class=\"more-link\"><span class=\"screen-reader-text\">Aus Italien<\/span> weiterlesen <span class=\"meta-nav\">&rarr;<\/span><\/a><\/p>\n","protected":false},"author":4,"featured_media":0,"comment_status":"open","ping_status":"open","sticky":false,"template":"","format":"standard","meta":[],"categories":[3],"tags":[1940,533,507,2723,534],"_links":{"self":[{"href":"http:\/\/www.the-new-listener.de\/index.php\/wp-json\/wp\/v2\/posts\/2687"}],"collection":[{"href":"http:\/\/www.the-new-listener.de\/index.php\/wp-json\/wp\/v2\/posts"}],"about":[{"href":"http:\/\/www.the-new-listener.de\/index.php\/wp-json\/wp\/v2\/types\/post"}],"author":[{"embeddable":true,"href":"http:\/\/www.the-new-listener.de\/index.php\/wp-json\/wp\/v2\/users\/4"}],"replies":[{"embeddable":true,"href":"http:\/\/www.the-new-listener.de\/index.php\/wp-json\/wp\/v2\/comments?post=2687"}],"version-history":[{"count":4,"href":"http:\/\/www.the-new-listener.de\/index.php\/wp-json\/wp\/v2\/posts\/2687\/revisions"}],"predecessor-version":[{"id":2692,"href":"http:\/\/www.the-new-listener.de\/index.php\/wp-json\/wp\/v2\/posts\/2687\/revisions\/2692"}],"wp:attachment":[{"href":"http:\/\/www.the-new-listener.de\/index.php\/wp-json\/wp\/v2\/media?parent=2687"}],"wp:term":[{"taxonomy":"category","embeddable":true,"href":"http:\/\/www.the-new-listener.de\/index.php\/wp-json\/wp\/v2\/categories?post=2687"},{"taxonomy":"post_tag","embeddable":true,"href":"http:\/\/www.the-new-listener.de\/index.php\/wp-json\/wp\/v2\/tags?post=2687"}],"curies":[{"name":"wp","href":"https:\/\/api.w.org\/{rel}","templated":true}]}}