{"id":3029,"date":"2019-01-22T17:23:46","date_gmt":"2019-01-22T16:23:46","guid":{"rendered":"http:\/\/www.the-new-listener.de\/?p=3029"},"modified":"2019-01-22T17:23:48","modified_gmt":"2019-01-22T16:23:48","slug":"ein-ansprechendes-neujahrs-konzert","status":"publish","type":"post","link":"http:\/\/www.the-new-listener.de\/index.php\/2019\/01\/22\/ein-ansprechendes-neujahrs-konzert\/","title":{"rendered":"Ein ansprechendes Neujahrs-Konzert"},"content":{"rendered":"\n<p>Kammerphilharmonie\ndacapo M\u00fcnchen am Sonntag, 20. Januar im Herkulessaal<\/p>\n\n\n\n<p>Solisten: Thomas Albertus Irnberger, Violine;\nBrigitta Simon, Koloratur-Sopran; Dirigent: Franz Schottky<\/p>\n\n\n\n<p><strong>Antonio Vivaldi<\/strong> (1678-1741): Die Vier Jahreszeiten, op. 8 1-4; <strong>Johann Strau\u00df<\/strong> (1825- 1899): \u201eLeichtes Blut\u201c Polka schnell op. 319, \u201eAn der sch\u00f6nen blauen Donau\u201c op. 314 (mit Sopran), \u201eFr\u00fchlingsstimmenwalzer\u201c op. 410 (mit Sopran); <strong>Franz Leh\u00e1r<\/strong> (1870-1948): \u201eBallsirenen\u201c; <strong>Josef Strau\u00df<\/strong> (1827-1870): \u201eOhne Sorgen\u201c Polka schnell op. 271, \u201eExtempore\u201c Polka francaise op.241; <strong>Eduard Strau\u00df<\/strong> (1835-1916): \u201eWo man lacht und lebt\u201c Polka schnell op. 108<\/p>\n\n\n\n<p>Im ausverkauften Herkulessaal h\u00f6ren wir das Neujahrskonzert der\nKammerphilharmonie dacapo, ein gelungener und ansprechender Einstieg ins Neue\nJahr. Nat\u00fcrlich kennt man Vivaldis Vier Jahreszeiten, aber diese wundervollen\nvier Violin-Konzerte live zu erleben mit dem jungen und durchaus musikalischen\nGeiger Thomas Albertus Irnberger aus \u00d6sterreich, das ist schon etwas Besonderes.\nNoch dazu, wenn Dirigent Franz Schottky in seinen launigen und sehr\ninformativen Ansagen auf die geschickt in der Partitur versteckten programmatischen\nEinzelheiten hinweist: Hundegebell, krabbelnde Insekten, Gewitterwolken und\nandere Naturereignisse finden sich in den Noten. Da ist sie dann wieder, diese\nansprechende \u2013 im wahrsten Sinn des Wortes \u2013 Stimmung, die die Konzerte der\nKammerphilharmonie auszeichnet. Dass Thomas Albertus Irnberger auf seiner\nStradivari von 1712 \u2013 aus der sogenannten \u201eGoldenen Epoche\u201c des Meisters, mit\ndem Bogen des Dresdener Bogenmachers Hans-Karl Schmidt \u2013 bei Vivaldis Musik in\nseinem Element war, h\u00f6rten wir vom ersten Ton der Fr\u00fchlingsmelodie. Alle \u00fcbrigen\n\u201eBeschreibungen\u201c der einzelnen Jahreszeiten gelangen genauso \u00fcberzeugend und\nbeeindruckend. Das Orchester assistierte und begleitete intensiv und ungeheuer\naufmerksam, gleich ob nur Geige und Solocello, oder nur die oberen Streicher\ndie Musik mit dem Solisten zusammen entstehen lie\u00dfen, es war ein wunderbares\nErlebnis, diese scheinbar so vertraute Musik im lebendigen Musikwerden zu h\u00f6ren.\nGro\u00dfer Beifall f\u00fcr alle Beteiligten, besonders aber f\u00fcr den souver\u00e4nen\nSologeiger. <\/p>\n\n\n\n<p>Nach der Pause dann die \u2013 fast schon obligaten St\u00fccke &#8211;&nbsp; der Br\u00fcder Strau\u00df, unterbrochen nur durch die\n\u201eBallsirenen&#8220; von Franz Leh\u00e1r, die wieder einmal treffend zeigten, was f\u00fcr\nein gro\u00dfartiger Melodiker Leh\u00e1r war. Die zwei wohlbekannten Walzer, der von der\nblauen Donau und der von den Fr\u00fchlingsstimmen, h\u00f6rten wir in der urspr\u00fcnglichen\nFassung mit Koloratursopran und Streichorchester. Die aus Ungarn stammende\njunge S\u00e4ngerin lie\u00df ihre Stimme, den Kompositionen entsprechend, von der Tiefe\nbis in die h\u00f6chsten H\u00f6hen jubelnd und mitrei\u00dfend erklingen. Bravos und riesiger\nBeifall, das Publikum war begeistert. So klingen die beiden St\u00fcck doch neu und\nunerwartet. Die vier anderen St\u00fccke der Strau\u00df-Br\u00fcder waren alles andere als L\u00fcckenf\u00fcller;\nbeim letzten, der Polka Francaise kamen unerwartet die T\u00e4nzerinnen und T\u00e4nzer\nder Ballett-Schule Dana Kalicinska mit auf die B\u00fchne. Zusammen schufen sie ein \u00fcberw\u00e4ltigendes\nEnde eines fabelhaften Neujahrs-Konzertes, dem nat\u00fcrlich als richtiger\nAbschluss der Radetzky-Marsch mit Publikums-beteiligung nicht fehlen durfte. <\/p>\n\n\n\n<p><strong>[Ulrich Hermann; Januar 2019]<\/strong><strong><\/strong><\/p>\n","protected":false},"excerpt":{"rendered":"<p>Kammerphilharmonie dacapo M\u00fcnchen am Sonntag, 20. Januar im Herkulessaal Solisten: Thomas Albertus Irnberger, Violine; Brigitta Simon, Koloratur-Sopran; Dirigent: Franz Schottky Antonio Vivaldi (1678-1741): Die Vier Jahreszeiten, op. 8 1-4; Johann Strau\u00df (1825- 1899): \u201eLeichtes Blut\u201c Polka schnell op. 319, \u201eAn der sch\u00f6nen blauen Donau\u201c op. 314 (mit Sopran), \u201eFr\u00fchlingsstimmenwalzer\u201c op. 410 (mit Sopran); Franz Leh\u00e1r &hellip; <a href=\"http:\/\/www.the-new-listener.de\/index.php\/2019\/01\/22\/ein-ansprechendes-neujahrs-konzert\/\" class=\"more-link\"><span class=\"screen-reader-text\">Ein ansprechendes Neujahrs-Konzert<\/span> weiterlesen <span class=\"meta-nav\">&rarr;<\/span><\/a><\/p>\n","protected":false},"author":4,"featured_media":0,"comment_status":"open","ping_status":"open","sticky":false,"template":"","format":"standard","meta":[],"categories":[13],"tags":[367,2983,2982,900,2256,1940,786,507,2255],"_links":{"self":[{"href":"http:\/\/www.the-new-listener.de\/index.php\/wp-json\/wp\/v2\/posts\/3029"}],"collection":[{"href":"http:\/\/www.the-new-listener.de\/index.php\/wp-json\/wp\/v2\/posts"}],"about":[{"href":"http:\/\/www.the-new-listener.de\/index.php\/wp-json\/wp\/v2\/types\/post"}],"author":[{"embeddable":true,"href":"http:\/\/www.the-new-listener.de\/index.php\/wp-json\/wp\/v2\/users\/4"}],"replies":[{"embeddable":true,"href":"http:\/\/www.the-new-listener.de\/index.php\/wp-json\/wp\/v2\/comments?post=3029"}],"version-history":[{"count":1,"href":"http:\/\/www.the-new-listener.de\/index.php\/wp-json\/wp\/v2\/posts\/3029\/revisions"}],"predecessor-version":[{"id":3030,"href":"http:\/\/www.the-new-listener.de\/index.php\/wp-json\/wp\/v2\/posts\/3029\/revisions\/3030"}],"wp:attachment":[{"href":"http:\/\/www.the-new-listener.de\/index.php\/wp-json\/wp\/v2\/media?parent=3029"}],"wp:term":[{"taxonomy":"category","embeddable":true,"href":"http:\/\/www.the-new-listener.de\/index.php\/wp-json\/wp\/v2\/categories?post=3029"},{"taxonomy":"post_tag","embeddable":true,"href":"http:\/\/www.the-new-listener.de\/index.php\/wp-json\/wp\/v2\/tags?post=3029"}],"curies":[{"name":"wp","href":"https:\/\/api.w.org\/{rel}","templated":true}]}}