{"id":3145,"date":"2019-03-28T23:42:34","date_gmt":"2019-03-28T22:42:34","guid":{"rendered":"http:\/\/www.the-new-listener.de\/?p=3145"},"modified":"2019-03-28T23:42:35","modified_gmt":"2019-03-28T22:42:35","slug":"der-sanfte-rebell","status":"publish","type":"post","link":"http:\/\/www.the-new-listener.de\/index.php\/2019\/03\/28\/der-sanfte-rebell\/","title":{"rendered":"Der sanfte Rebell"},"content":{"rendered":"\n<p>Ars Produktion Schumacher, ARS 38 275; EAN: 4 260052 382752<\/p>\n\n\n\n<figure class=\"wp-block-image is-resized\"><img loading=\"lazy\" src=\"http:\/\/www.the-new-listener.de\/wp-content\/uploads\/2019\/03\/N0089.jpg\" alt=\"\" class=\"wp-image-3146\" width=\"322\" height=\"323\" srcset=\"http:\/\/www.the-new-listener.de\/wp-content\/uploads\/2019\/03\/N0089.jpg 354w, http:\/\/www.the-new-listener.de\/wp-content\/uploads\/2019\/03\/N0089-150x150.jpg 150w, http:\/\/www.the-new-listener.de\/wp-content\/uploads\/2019\/03\/N0089-300x300.jpg 300w\" sizes=\"(max-width: 322px) 100vw, 322px\" \/><\/figure>\n\n\n\n<p><em>Auf dem Album \u201eStories\n\u2026\u201c spielt das Thomas Leleu Trio Musik zwischen Klassik, Jazz, Chanson, Latin\nund ganz anderen Einfl\u00fcssen, ohne dass es in eine Schublade eingeordnet werden\nk\u00f6nnte. Auf dem Programm stehen Kompositionen von Thomas Leleu, Tom Jobim, Kurt\nWeill, Carlos Gardel, Erik Satie, Reynaldo Hahn, Johannes Brahms, Joseph Kosma,\nMichael Legrand und Georges Moustaki, viele davon arrangiert durch Laurent\nElbaz. Das Trio besteht aus Thomas Leleu an der Tuba sowie in zwei Titeln als\nS\u00e4nger, aus Kim Barbier am Klavier und Kai Strobel am Vibraphon.<\/em><\/p>\n\n\n\n<p>Von der Aufmachung her k\u00f6nnte das Album \u201eStories \u2026\u201c vom\nThomas Leleu Trio beinahe auf eine Rockband schlie\u00dfen lassen: Aufgenommen in\neinem heruntergekommenen Haus sitzt Leleu mit hochgegelten Haaren in Lederjacke\nund Chucks l\u00e4ssig auf einem Sofa, um ihn herum die keck wirkende Pianistin Kim\nBarbier und der leger in Shirt und Jeans gekleidete Perkussionist Kai Strobel. Nur\ndie Tuba bringt uns auf die richtige F\u00e4hrte. Leleu gilt als Rebell, als einer,\nder s\u00e4mtliche Stile und Genres frei vermengt, als \u201enicht klassisch genug f\u00fcr\ndie Klassik-Liebhaber und zu klassisch f\u00fcr die anderen\u201c. Und diesen Ruf lebt er\nauf vorliegender CD voll aus!<\/p>\n\n\n\n<p>Das Trio besteht aus Tuba, Klavier und Vibraphon; die\nzun\u00e4chst eigenartig wirkende Besetzung funktioniert jedoch einwandfrei. Leleu entlockt\nseiner Tuba einen ausgesprochen sanften und obertonreichen Klang, der das Blech\ngolden gl\u00e4nzen l\u00e4sst. Dies mischt sich wunderbar mit den sph\u00e4rischen T\u00f6nen des\nvirtuos und brillant-pr\u00e4zise gespielten Vibraphons. Das Klavier kontrastiert\ndie anderen Instrumente durch gewollte Pr\u00e4gnanz im Anschlag und Markigkeit.\nSchade, dass der Vierte im Bunde nur auf der Innenseite Erw\u00e4hnung findet: Der\nArrangeur Laurent Elbaz, der in \u201eHalton Road\u201c auch als Pianist in Erscheinung\ntritt.<\/p>\n\n\n\n<p>Das Programm von \u201eStories \u2026\u201c umfasst Eigenkompositionen und\neing\u00e4ngige Melodien verschiedener Komponisten, von denen man oft zwar die\nSt\u00fccke, nicht aber die Namen kennt. Laut Thomas Leleu ist f\u00fcr diese CD Kurt\nWeill der zentrale Angelpunkt, da er eine Verbindung schafft zwischen seiner\nHeimat und seine Wahlheimat und stilistisch ebenso frei agiert wie er selbst. Die\nStilvielfalt der Aufnahme reicht von Brahms\u2018 Wiegenlied \u00fcber Leleus \u201eLatin\nSuite\u201c bis zu Saties \u201eJe te veux\u201c und \u201eLa dame brune\u201c von Barbara &#8211; Georges\nMoustaki.<\/p>\n\n\n\n<p>In ihren Darbietungen gl\u00e4nzt das Thomas Leleu Trio durch\nfeinf\u00fchlige und differenzierte Herangehensweise. Die Musiker erarbeiten jedes\nSt\u00fcck anders, gehen auf die unterschiedlichen Stile eigen ein und haben sich\nintensiv mit ihnen auseinandergesetzt. Das Spiel des Trios zeichnet sich durch\nFarben- und Facettenreichtum aus, durch gro\u00dfe Sanftheit und innig empfundenes\nGef\u00fchl. Die St\u00fccke liegen den Musikern am Herzen und sie wollen etwas Eigenes\naus ihnen hervorbringen, das zwar der niedergeschriebenen Musik treu ist,\nzeitgleich aber in diesem Rahmen das Neuartigste und Rebellischste erkundet und\nans Licht des H\u00f6rerlebnisses bringt.<\/p>\n\n\n\n<p><strong>[Oliver Fraenzke,\nM\u00e4rz 2019]<\/strong><\/p>\n","protected":false},"excerpt":{"rendered":"<p>Ars Produktion Schumacher, ARS 38 275; EAN: 4 260052 382752 Auf dem Album \u201eStories \u2026\u201c spielt das Thomas Leleu Trio Musik zwischen Klassik, Jazz, Chanson, Latin und ganz anderen Einfl\u00fcssen, ohne dass es in eine Schublade eingeordnet werden k\u00f6nnte. Auf dem Programm stehen Kompositionen von Thomas Leleu, Tom Jobim, Kurt Weill, Carlos Gardel, Erik Satie, &hellip; <a href=\"http:\/\/www.the-new-listener.de\/index.php\/2019\/03\/28\/der-sanfte-rebell\/\" class=\"more-link\"><span class=\"screen-reader-text\">Der sanfte Rebell<\/span> weiterlesen <span class=\"meta-nav\">&rarr;<\/span><\/a><\/p>\n","protected":false},"author":1,"featured_media":0,"comment_status":"open","ping_status":"open","sticky":false,"template":"","format":"standard","meta":[],"categories":[13],"tags":[1024,388,3021,2163,3024,337,3019,3026,3025,1454,3023,3022,3020,3018],"_links":{"self":[{"href":"http:\/\/www.the-new-listener.de\/index.php\/wp-json\/wp\/v2\/posts\/3145"}],"collection":[{"href":"http:\/\/www.the-new-listener.de\/index.php\/wp-json\/wp\/v2\/posts"}],"about":[{"href":"http:\/\/www.the-new-listener.de\/index.php\/wp-json\/wp\/v2\/types\/post"}],"author":[{"embeddable":true,"href":"http:\/\/www.the-new-listener.de\/index.php\/wp-json\/wp\/v2\/users\/1"}],"replies":[{"embeddable":true,"href":"http:\/\/www.the-new-listener.de\/index.php\/wp-json\/wp\/v2\/comments?post=3145"}],"version-history":[{"count":1,"href":"http:\/\/www.the-new-listener.de\/index.php\/wp-json\/wp\/v2\/posts\/3145\/revisions"}],"predecessor-version":[{"id":3147,"href":"http:\/\/www.the-new-listener.de\/index.php\/wp-json\/wp\/v2\/posts\/3145\/revisions\/3147"}],"wp:attachment":[{"href":"http:\/\/www.the-new-listener.de\/index.php\/wp-json\/wp\/v2\/media?parent=3145"}],"wp:term":[{"taxonomy":"category","embeddable":true,"href":"http:\/\/www.the-new-listener.de\/index.php\/wp-json\/wp\/v2\/categories?post=3145"},{"taxonomy":"post_tag","embeddable":true,"href":"http:\/\/www.the-new-listener.de\/index.php\/wp-json\/wp\/v2\/tags?post=3145"}],"curies":[{"name":"wp","href":"https:\/\/api.w.org\/{rel}","templated":true}]}}