{"id":5672,"date":"2023-04-06T14:53:18","date_gmt":"2023-04-06T12:53:18","guid":{"rendered":"http:\/\/www.the-new-listener.de\/?p=5672"},"modified":"2023-04-06T14:53:23","modified_gmt":"2023-04-06T12:53:23","slug":"konzert-30-jahre-bruckner-akademie-orchester","status":"publish","type":"post","link":"http:\/\/www.the-new-listener.de\/index.php\/2023\/04\/06\/konzert-30-jahre-bruckner-akademie-orchester\/","title":{"rendered":"Konzert: 30 Jahre Bruckner\u00a0Akademie Orchester"},"content":{"rendered":"\n<p><strong>Montag, 17. April 2023, 20 Uhr, Herkulessaal der M\u00fcnchner Residenz<\/strong><\/p>\n\n\n\n<p><strong>Symphoniekonzert 30 Jahre Bruckner Akademie Orchester<\/strong><\/p>\n\n\n\n<p>Alban Berg: Violinkonzert <em>Dem Andenken eines Engels<\/em><\/p>\n\n\n\n<p>Anton Bruckner: Symphonie Nr. 3 d-Moll <em>Wagner-Symphonie<\/em><\/p>\n\n\n\n<p>Violine: Rony Rogoff<\/p>\n\n\n\n<p>Dirigent: Jordi Mora<\/p>\n\n\n\n<p>Karten: 35,- \u20ac\/25,- \u20ac\/15,- \u20ac (erm. 30,- \u20ac\/20,- \u20ac\/15,- \u20ac) unter <a rel=\"noreferrer noopener\" href=\"http:\/\/www.muenchenticket.de\/\" target=\"_blank\">www.muenchenticket.de<\/a>, T: 089-54 81 81 81, an den bekannten VVK-Stellen und an der Abendkasse<\/p>\n\n\n\n<figure class=\"wp-block-image size-large\"><a href=\"http:\/\/www.the-new-listener.de\/wp-content\/uploads\/2023\/04\/01_Bruckner-Akademie-Orchester-by-Christian-Flemming_kl.jpg\"><img loading=\"lazy\" width=\"1024\" height=\"683\" src=\"http:\/\/www.the-new-listener.de\/wp-content\/uploads\/2023\/04\/01_Bruckner-Akademie-Orchester-by-Christian-Flemming_kl-1024x683.jpg\" alt=\"\" class=\"wp-image-5673\" srcset=\"http:\/\/www.the-new-listener.de\/wp-content\/uploads\/2023\/04\/01_Bruckner-Akademie-Orchester-by-Christian-Flemming_kl-1024x683.jpg 1024w, http:\/\/www.the-new-listener.de\/wp-content\/uploads\/2023\/04\/01_Bruckner-Akademie-Orchester-by-Christian-Flemming_kl-300x200.jpg 300w, http:\/\/www.the-new-listener.de\/wp-content\/uploads\/2023\/04\/01_Bruckner-Akademie-Orchester-by-Christian-Flemming_kl-768x512.jpg 768w, http:\/\/www.the-new-listener.de\/wp-content\/uploads\/2023\/04\/01_Bruckner-Akademie-Orchester-by-Christian-Flemming_kl-1536x1024.jpg 1536w, http:\/\/www.the-new-listener.de\/wp-content\/uploads\/2023\/04\/01_Bruckner-Akademie-Orchester-by-Christian-Flemming_kl.jpg 1764w\" sizes=\"(max-width: 1024px) 100vw, 1024px\" \/><\/a><\/figure>\n\n\n\n<p>Bedingt durch die Restriktionen im Zuge der Covid-19-Pandemie liegt das letzte Konzert des Bruckner Akademie Orchesters bereits l\u00e4ngere Zeit zur\u00fcck (<a href=\"http:\/\/www.the-new-listener.de\/index.php\/2019\/11\/08\/klangbaumeister\/\" data-type=\"URL\" data-id=\"http:\/\/www.the-new-listener.de\/index.php\/2019\/11\/08\/klangbaumeister\/\">wir berichteten<\/a> damals). Im Herkulessaal der M\u00fcnchner Residenz gibt das Orchester unter der Leitung seines \u201espiritus rector\u201c Jordi Mora nun erstmals seit November 2019 wieder ein Konzert, womit es zugleich sein 30-j\u00e4hriges Bestehen feiert.<\/p>\n\n\n\n<p>Das Bruckner Akademie Orchester war 1993 erstmals anl\u00e4sslich eines Gedenkkonzerts \u00f6ffentlich zu h\u00f6ren gewesen. Erinnert wurde damals an f\u00fcnf Mitglieder des M\u00fcnchner Jugendorchester, die Ende 1992 bei einem Autounfall auf dem Weg zu einer Probe ums Leben gekommen waren. Tief ersch\u00fcttert versammelten sich ihre Kollegen und Freunde und gedachten ihrer mit einem von Jordi Mora dirigierten Konzert in der M\u00fcnchner Lukaskirche. Das Erlebnis der Auff\u00fchrung lie\u00df die Musiker den Entschluss fassen, ab nun jedes Jahr zur Osterzeit in Benediktbeuern eine Klausur mit anschlie\u00dfendem Konzert zu veranstalten.<\/p>\n\n\n\n<figure class=\"wp-block-image size-large\"><a href=\"http:\/\/www.the-new-listener.de\/wp-content\/uploads\/2023\/04\/03_Maestro-Jordi-Mora-C-Tobias-Melle.jpg\"><img loading=\"lazy\" width=\"1024\" height=\"683\" src=\"http:\/\/www.the-new-listener.de\/wp-content\/uploads\/2023\/04\/03_Maestro-Jordi-Mora-C-Tobias-Melle-1024x683.jpg\" alt=\"\" class=\"wp-image-5674\" srcset=\"http:\/\/www.the-new-listener.de\/wp-content\/uploads\/2023\/04\/03_Maestro-Jordi-Mora-C-Tobias-Melle-1024x683.jpg 1024w, http:\/\/www.the-new-listener.de\/wp-content\/uploads\/2023\/04\/03_Maestro-Jordi-Mora-C-Tobias-Melle-300x200.jpg 300w, http:\/\/www.the-new-listener.de\/wp-content\/uploads\/2023\/04\/03_Maestro-Jordi-Mora-C-Tobias-Melle-768x512.jpg 768w, http:\/\/www.the-new-listener.de\/wp-content\/uploads\/2023\/04\/03_Maestro-Jordi-Mora-C-Tobias-Melle-1536x1024.jpg 1536w, http:\/\/www.the-new-listener.de\/wp-content\/uploads\/2023\/04\/03_Maestro-Jordi-Mora-C-Tobias-Melle-2048x1366.jpg 2048w\" sizes=\"(max-width: 1024px) 100vw, 1024px\" \/><\/a><figcaption>Jordi Mora (\u00a9 Tobias Melle)<\/figcaption><\/figure>\n\n\n\n<p>Jordi Mora charakterisiert das Orchester mit folgenden Worten: \u201eDas BAO besteht aus einer gesunden Mischung von Musikern verschiedenen Alters, sowohl Profis, Musikstudenten, wie profilierten Laien, die haupts\u00e4chlich aus Deutschland, aber auch aus anderen L\u00e4ndern Europas, wie \u00d6sterreich, Spanien und Italien kommen. Die intensiven Proben f\u00fcr jedes Programm erm\u00f6glichen eine vertiefte Arbeit mit den Werken, was das Hauptziel der Akademiephase ist.\u201c Seit jeher legt das Orchester einen besonderen Schwerpunkt auf das Schaffen seines Namenspatrons Anton Bruckners, dessen Vierte Symphonie 1993 auf dem Programm des ersten Konzertes stand. Auch Orchesterwerke anderer Komponisten gelangten zur Auff\u00fchrung, wobei Mora die Symphonien Dmitrij Schostakowitschs als \u201ezweiten Grundstein unseres Repertoires\u201c bezeichnet.<\/p>\n\n\n\n<p>Zum Jubil\u00e4umskonzert wird wieder eine Symphonie Bruckners zu h\u00f6ren sein: Nr.&nbsp;3 d-Moll, die sogenannte <em>Wagner-Symphonie<\/em>, in der Fassung von 1889. Au\u00dferdem steht Alban Bergs \u201edem Andenken eines Engels\u201c gewidmetes Violinkonzert auf dem Programm. Als Solist spielt Rony Rogoff, der Lehrer der f\u00fcnf 1992 verungl\u00fcckten Orchestermitglieder.<\/p>\n\n\n<div class=\"wp-block-image\">\n<figure class=\"aligncenter size-large is-resized\"><a href=\"http:\/\/www.the-new-listener.de\/wp-content\/uploads\/2023\/04\/02_RonyRogoff.jpg\"><img loading=\"lazy\" src=\"http:\/\/www.the-new-listener.de\/wp-content\/uploads\/2023\/04\/02_RonyRogoff-679x1024.jpg\" alt=\"\" class=\"wp-image-5675\" width=\"414\" height=\"624\" srcset=\"http:\/\/www.the-new-listener.de\/wp-content\/uploads\/2023\/04\/02_RonyRogoff-679x1024.jpg 679w, http:\/\/www.the-new-listener.de\/wp-content\/uploads\/2023\/04\/02_RonyRogoff-199x300.jpg 199w, http:\/\/www.the-new-listener.de\/wp-content\/uploads\/2023\/04\/02_RonyRogoff.jpg 716w\" sizes=\"(max-width: 414px) 100vw, 414px\" \/><\/a><figcaption>Rony Rogoff<\/figcaption><\/figure><\/div>\n\n\n<p>Rogoff, der in diesen Tagen in M\u00fcnchen einen Meisterkurs f\u00fcr Solisten und Kammermusiker veranstaltet, war u.\u00a0a. Sch\u00fcler Joseph Szigetis. Sergiu Celibidache sch\u00e4tzte ihn als \u201ebesten lebenden Mozartspieler\u201c und \u201eeinen der wenigen, der es versteht, die Bedeutung hinter den Noten zu erfassen und die F\u00e4higkeit besitzt, sie zu vermitteln\u201c. Von Rogoffs Leitungen als P\u00e4dagoge zeugt die Gesamtaufnahme der Kammermusik von Johannes Brahms durch \u201eI\u00a0Cameristi. La Scuola di Rony Rogoff\u201c, die anl\u00e4sslich des 100. Todestages des Komponisten 1997 bei der italienischen Musikproduktion Mondo Musica erschienen ist und einige der besten Auff\u00fchrungen dieser Werke enth\u00e4lt, die je aufgezeichnet worden sind.<\/p>\n\n\n\n<p><strong>[Norbert Florian Schuck, April 2023]<\/strong><\/p>\n","protected":false},"excerpt":{"rendered":"<p>Montag, 17. April 2023, 20 Uhr, Herkulessaal der M\u00fcnchner Residenz Symphoniekonzert 30 Jahre Bruckner Akademie Orchester Alban Berg: Violinkonzert Dem Andenken eines Engels Anton Bruckner: Symphonie Nr. 3 d-Moll Wagner-Symphonie Violine: Rony Rogoff Dirigent: Jordi Mora Karten: 35,- \u20ac\/25,- \u20ac\/15,- \u20ac (erm. 30,- \u20ac\/20,- \u20ac\/15,- \u20ac) unter www.muenchenticket.de, T: 089-54 81 81 81, an den &hellip; <a href=\"http:\/\/www.the-new-listener.de\/index.php\/2023\/04\/06\/konzert-30-jahre-bruckner-akademie-orchester\/\" class=\"more-link\"><span class=\"screen-reader-text\">Konzert: 30 Jahre Bruckner\u00a0Akademie Orchester<\/span> weiterlesen <span class=\"meta-nav\">&rarr;<\/span><\/a><\/p>\n","protected":false},"author":18,"featured_media":0,"comment_status":"open","ping_status":"open","sticky":false,"template":"","format":"standard","meta":[],"categories":[4463],"tags":[157,1941,218,1508,219,507,4605],"_links":{"self":[{"href":"http:\/\/www.the-new-listener.de\/index.php\/wp-json\/wp\/v2\/posts\/5672"}],"collection":[{"href":"http:\/\/www.the-new-listener.de\/index.php\/wp-json\/wp\/v2\/posts"}],"about":[{"href":"http:\/\/www.the-new-listener.de\/index.php\/wp-json\/wp\/v2\/types\/post"}],"author":[{"embeddable":true,"href":"http:\/\/www.the-new-listener.de\/index.php\/wp-json\/wp\/v2\/users\/18"}],"replies":[{"embeddable":true,"href":"http:\/\/www.the-new-listener.de\/index.php\/wp-json\/wp\/v2\/comments?post=5672"}],"version-history":[{"count":1,"href":"http:\/\/www.the-new-listener.de\/index.php\/wp-json\/wp\/v2\/posts\/5672\/revisions"}],"predecessor-version":[{"id":5676,"href":"http:\/\/www.the-new-listener.de\/index.php\/wp-json\/wp\/v2\/posts\/5672\/revisions\/5676"}],"wp:attachment":[{"href":"http:\/\/www.the-new-listener.de\/index.php\/wp-json\/wp\/v2\/media?parent=5672"}],"wp:term":[{"taxonomy":"category","embeddable":true,"href":"http:\/\/www.the-new-listener.de\/index.php\/wp-json\/wp\/v2\/categories?post=5672"},{"taxonomy":"post_tag","embeddable":true,"href":"http:\/\/www.the-new-listener.de\/index.php\/wp-json\/wp\/v2\/tags?post=5672"}],"curies":[{"name":"wp","href":"https:\/\/api.w.org\/{rel}","templated":true}]}}